{"id":21043,"date":"2013-08-06T14:04:56","date_gmt":"2013-08-06T14:04:56","guid":{"rendered":"http:\/\/bpd.com.np\/wp\/kc\/fr\/?p=21043"},"modified":"2015-02-05T11:05:54","modified_gmt":"2015-02-05T11:05:54","slug":"jean-yves-darfeuille-un-nouvel-atypique-chez-kamae-conseil","status":"publish","type":"post","link":"https:\/\/kamae-conseil.com\/fr\/2013\/08\/06\/jean-yves-darfeuille-un-nouvel-atypique-chez-kamae-conseil\/","title":{"rendered":"Jean-Yves Darfeuille, un nouvel \u00ab\u00a0atypique\u00a0\u00bb chez Kamae Conseil"},"content":{"rendered":"<p><a href=\"https:\/\/kamae-conseil.com\/fr\/wp-content\/uploads\/sites\/3\/2015\/01\/jyd-2.png\"><img loading=\"lazy\" decoding=\"async\" class=\"alignnone wp-image-21045 size-full\" src=\"https:\/\/kamae-conseil.com\/fr\/wp-content\/uploads\/sites\/3\/2015\/01\/jyd-2.png\" alt=\"jyd 2\" width=\"185\" height=\"224\" \/><\/a><\/p>\n<p>Apr\u00e8s Philippe Kerjean et Guillaume Doumenge, Jean-Yves Darfeuille rejoint \u00e0 son tour l&rsquo;\u00e9quipe de nos \u00ab\u00a0atypiques\u00a0\u00bb, nom que nous donnons \u00e0 ceux de nos consultants et partenaires qui, en marge de notre \u00e9quipe \u00ab\u00a0classique\u00a0\u00bb de consultants issus d&rsquo;un parcours en entreprise, proposent des approches p\u00e9dagogiques d\u00e9cal\u00e9es construites \u00e0 partir d&rsquo;une vision, d&rsquo;un v\u00e9cu ou d&rsquo;un talent qui les rend totalement uniques et inclassables (aucun d&rsquo;entre eux n&rsquo;aimerait \u00eatre qualifi\u00e9 de \u00ab\u00a0pr\u00e9cieux\u00a0\u00bb, et pourtant &#8230;).<br \/>\nNous connaissons Jean-Yves depuis 6 ou 7 ans. Souvent, nous avons eu la chance de pouvoir \u00e9changer avec lui sur nos observations du monde de l&rsquo;entreprise et sur nos souhaits \u00ab\u00a0d&rsquo;ouvrir la voie \u00e0 d&rsquo;autres possibles\u00a0\u00bb. Si certains sont d\u00e9crits comme \u00e9tant de \u00ab\u00a0bons vivants\u00a0\u00bb, Jean-Yves peut \u00eatre d\u00e9crit comme \u00e9tant un \u00ab\u00a0vrai vivant\u00a0\u00bb, un personnage fortement ancr\u00e9 dans l&rsquo;instant, dot\u00e9 d&rsquo;une incroyable capacit\u00e9 \u00e0 mobiliser pleinement ses 5 sens pour se connecter au monde qui l&rsquo;entoure et le faire partager aux groupes qu&rsquo;il anime.<br \/>\nVous proposer un s\u00e9minaire avec Jean-Yves, c&rsquo;est vous proposer une parenth\u00e8se dans le temps, un voyage immobile vers l&rsquo;essence des choses, une exp\u00e9rience sensorielle propre \u00e0 l&rsquo;apaisement, au ressourcement, mais aussi \u00e0 la r\u00e9flexion.<br \/>\nUn voyage dont vous reviendrez charg\u00e9 de bonnes \u00e9motions, \u00e9quip\u00e9s pour aborder et vivre diff\u00e9remment votre quotidien &#8230;<\/p>\n","protected":false},"excerpt":{"rendered":"<p>Apr\u00e8s Philippe Kerjean et Guillaume Doumenge, Jean-Yves Darfeuille rejoint \u00e0 son tour l&rsquo;\u00e9quipe de nos \u00ab\u00a0atypiques\u00a0\u00bb, nom que&#8230;<\/p>\n","protected":false},"author":1,"featured_media":21045,"comment_status":"open","ping_status":"open","sticky":false,"template":"","format":"standard","meta":{"om_disable_all_campaigns":false,"footnotes":""},"categories":[1],"tags":[],"class_list":["post-21043","post","type-post","status-publish","format-standard","has-post-thumbnail","hentry","category-actualite-kamae"],"yoast_head":"<!-- This site is optimized with the Yoast SEO plugin v26.0 - https:\/\/yoast.com\/wordpress\/plugins\/seo\/ -->\n<title>Jean-Yves Darfeuille, un nouvel &quot;atypique&quot; chez Kamae Conseil - Kamae Conseil<\/title>\n<meta name=\"robots\" content=\"index, follow, max-snippet:-1, max-image-preview:large, max-video-preview:-1\" \/>\n<link rel=\"canonical\" href=\"https:\/\/kamae-conseil.com\/fr\/2013\/08\/06\/jean-yves-darfeuille-un-nouvel-atypique-chez-kamae-conseil\/\" \/>\n<meta property=\"og:locale\" content=\"fr_FR\" \/>\n<meta property=\"og:type\" content=\"article\" \/>\n<meta property=\"og:title\" content=\"Jean-Yves Darfeuille, un nouvel &quot;atypique&quot; chez Kamae Conseil - Kamae Conseil\" \/>\n<meta property=\"og:description\" content=\"Apr\u00e8s Philippe Kerjean et Guillaume Doumenge, Jean-Yves Darfeuille rejoint \u00e0 son tour l&rsquo;\u00e9quipe de nos \u00ab\u00a0atypiques\u00a0\u00bb, nom que...\" \/>\n<meta property=\"og:url\" content=\"https:\/\/kamae-conseil.com\/fr\/2013\/08\/06\/jean-yves-darfeuille-un-nouvel-atypique-chez-kamae-conseil\/\" \/>\n<meta property=\"og:site_name\" content=\"Kamae Conseil\" \/>\n<meta property=\"article:published_time\" content=\"2013-08-06T14:04:56+00:00\" \/>\n<meta property=\"article:modified_time\" content=\"2015-02-05T11:05:54+00:00\" \/>\n<meta property=\"og:image\" content=\"https:\/\/kamae-conseil.com\/fr\/wp-content\/uploads\/sites\/3\/2015\/01\/jyd-2.png\" \/>\n\t<meta property=\"og:image:width\" content=\"185\" \/>\n\t<meta property=\"og:image:height\" content=\"224\" \/>\n\t<meta property=\"og:image:type\" content=\"image\/png\" \/>\n<meta name=\"author\" content=\"KAMAECONSEIL\" \/>\n<meta name=\"twitter:label1\" content=\"\u00c9crit par\" \/>\n\t<meta name=\"twitter:data1\" content=\"KAMAECONSEIL\" \/>\n\t<meta name=\"twitter:label2\" content=\"Dur\u00e9e de lecture estim\u00e9e\" \/>\n\t<meta name=\"twitter:data2\" content=\"1 minute\" \/>\n<script type=\"application\/ld+json\" class=\"yoast-schema-graph\">{\"@context\":\"https:\/\/schema.org\",\"@graph\":[{\"@type\":\"WebPage\",\"@id\":\"https:\/\/kamae-conseil.com\/fr\/2013\/08\/06\/jean-yves-darfeuille-un-nouvel-atypique-chez-kamae-conseil\/\",\"url\":\"https:\/\/kamae-conseil.com\/fr\/2013\/08\/06\/jean-yves-darfeuille-un-nouvel-atypique-chez-kamae-conseil\/\",\"name\":\"Jean-Yves Darfeuille, un nouvel \\\"atypique\\\" chez Kamae Conseil - Kamae Conseil\",\"isPartOf\":{\"@id\":\"https:\/\/kamae-conseil.com\/fr\/#website\"},\"primaryImageOfPage\":{\"@id\":\"https:\/\/kamae-conseil.com\/fr\/2013\/08\/06\/jean-yves-darfeuille-un-nouvel-atypique-chez-kamae-conseil\/#primaryimage\"},\"image\":{\"@id\":\"https:\/\/kamae-conseil.com\/fr\/2013\/08\/06\/jean-yves-darfeuille-un-nouvel-atypique-chez-kamae-conseil\/#primaryimage\"},\"thumbnailUrl\":\"https:\/\/kamae-conseil.com\/fr\/wp-content\/uploads\/sites\/3\/2015\/01\/jyd-2.png\",\"datePublished\":\"2013-08-06T14:04:56+00:00\",\"dateModified\":\"2015-02-05T11:05:54+00:00\",\"author\":{\"@id\":\"https:\/\/kamae-conseil.com\/fr\/#\/schema\/person\/8074c2966d377fa84af330e5acd1e017\"},\"breadcrumb\":{\"@id\":\"https:\/\/kamae-conseil.com\/fr\/2013\/08\/06\/jean-yves-darfeuille-un-nouvel-atypique-chez-kamae-conseil\/#breadcrumb\"},\"inLanguage\":\"fr-FR\",\"potentialAction\":[{\"@type\":\"ReadAction\",\"target\":[\"https:\/\/kamae-conseil.com\/fr\/2013\/08\/06\/jean-yves-darfeuille-un-nouvel-atypique-chez-kamae-conseil\/\"]}]},{\"@type\":\"ImageObject\",\"inLanguage\":\"fr-FR\",\"@id\":\"https:\/\/kamae-conseil.com\/fr\/2013\/08\/06\/jean-yves-darfeuille-un-nouvel-atypique-chez-kamae-conseil\/#primaryimage\",\"url\":\"https:\/\/kamae-conseil.com\/fr\/wp-content\/uploads\/sites\/3\/2015\/01\/jyd-2.png\",\"contentUrl\":\"https:\/\/kamae-conseil.com\/fr\/wp-content\/uploads\/sites\/3\/2015\/01\/jyd-2.png\",\"width\":185,\"height\":224},{\"@type\":\"BreadcrumbList\",\"@id\":\"https:\/\/kamae-conseil.com\/fr\/2013\/08\/06\/jean-yves-darfeuille-un-nouvel-atypique-chez-kamae-conseil\/#breadcrumb\",\"itemListElement\":[{\"@type\":\"ListItem\",\"position\":1,\"name\":\"Home\",\"item\":\"https:\/\/kamae-conseil.com\/fr\/\"},{\"@type\":\"ListItem\",\"position\":2,\"name\":\"Jean-Yves Darfeuille, un nouvel \u00ab\u00a0atypique\u00a0\u00bb chez Kamae Conseil\"}]},{\"@type\":\"WebSite\",\"@id\":\"https:\/\/kamae-conseil.com\/fr\/#website\",\"url\":\"https:\/\/kamae-conseil.com\/fr\/\",\"name\":\"Kamae Conseil\",\"description\":\"\",\"potentialAction\":[{\"@type\":\"SearchAction\",\"target\":{\"@type\":\"EntryPoint\",\"urlTemplate\":\"https:\/\/kamae-conseil.com\/fr\/?s={search_term_string}\"},\"query-input\":{\"@type\":\"PropertyValueSpecification\",\"valueRequired\":true,\"valueName\":\"search_term_string\"}}],\"inLanguage\":\"fr-FR\"},{\"@type\":\"Person\",\"@id\":\"https:\/\/kamae-conseil.com\/fr\/#\/schema\/person\/8074c2966d377fa84af330e5acd1e017\",\"name\":\"KAMAECONSEIL\",\"image\":{\"@type\":\"ImageObject\",\"inLanguage\":\"fr-FR\",\"@id\":\"https:\/\/kamae-conseil.com\/fr\/#\/schema\/person\/image\/\",\"url\":\"https:\/\/secure.gravatar.com\/avatar\/4fa30427e5cea9f9c2e446e1ba70265b427e66dd89626b280d2d9cb338311f0f?s=96&d=mm&r=g\",\"contentUrl\":\"https:\/\/secure.gravatar.com\/avatar\/4fa30427e5cea9f9c2e446e1ba70265b427e66dd89626b280d2d9cb338311f0f?s=96&d=mm&r=g\",\"caption\":\"KAMAECONSEIL\"}}]}<\/script>\n<!-- \/ Yoast SEO plugin. -->","yoast_head_json":{"title":"Jean-Yves Darfeuille, un nouvel \"atypique\" chez Kamae Conseil - Kamae Conseil","robots":{"index":"index","follow":"follow","max-snippet":"max-snippet:-1","max-image-preview":"max-image-preview:large","max-video-preview":"max-video-preview:-1"},"canonical":"https:\/\/kamae-conseil.com\/fr\/2013\/08\/06\/jean-yves-darfeuille-un-nouvel-atypique-chez-kamae-conseil\/","og_locale":"fr_FR","og_type":"article","og_title":"Jean-Yves Darfeuille, un nouvel \"atypique\" chez Kamae Conseil - Kamae Conseil","og_description":"Apr\u00e8s Philippe Kerjean et Guillaume Doumenge, Jean-Yves Darfeuille rejoint \u00e0 son tour l&rsquo;\u00e9quipe de nos \u00ab\u00a0atypiques\u00a0\u00bb, nom que...","og_url":"https:\/\/kamae-conseil.com\/fr\/2013\/08\/06\/jean-yves-darfeuille-un-nouvel-atypique-chez-kamae-conseil\/","og_site_name":"Kamae Conseil","article_published_time":"2013-08-06T14:04:56+00:00","article_modified_time":"2015-02-05T11:05:54+00:00","og_image":[{"width":185,"height":224,"url":"https:\/\/kamae-conseil.com\/fr\/wp-content\/uploads\/sites\/3\/2015\/01\/jyd-2.png","type":"image\/png"}],"author":"KAMAECONSEIL","twitter_misc":{"\u00c9crit par":"KAMAECONSEIL","Dur\u00e9e de lecture estim\u00e9e":"1 minute"},"schema":{"@context":"https:\/\/schema.org","@graph":[{"@type":"WebPage","@id":"https:\/\/kamae-conseil.com\/fr\/2013\/08\/06\/jean-yves-darfeuille-un-nouvel-atypique-chez-kamae-conseil\/","url":"https:\/\/kamae-conseil.com\/fr\/2013\/08\/06\/jean-yves-darfeuille-un-nouvel-atypique-chez-kamae-conseil\/","name":"Jean-Yves Darfeuille, un nouvel \"atypique\" chez Kamae Conseil - Kamae Conseil","isPartOf":{"@id":"https:\/\/kamae-conseil.com\/fr\/#website"},"primaryImageOfPage":{"@id":"https:\/\/kamae-conseil.com\/fr\/2013\/08\/06\/jean-yves-darfeuille-un-nouvel-atypique-chez-kamae-conseil\/#primaryimage"},"image":{"@id":"https:\/\/kamae-conseil.com\/fr\/2013\/08\/06\/jean-yves-darfeuille-un-nouvel-atypique-chez-kamae-conseil\/#primaryimage"},"thumbnailUrl":"https:\/\/kamae-conseil.com\/fr\/wp-content\/uploads\/sites\/3\/2015\/01\/jyd-2.png","datePublished":"2013-08-06T14:04:56+00:00","dateModified":"2015-02-05T11:05:54+00:00","author":{"@id":"https:\/\/kamae-conseil.com\/fr\/#\/schema\/person\/8074c2966d377fa84af330e5acd1e017"},"breadcrumb":{"@id":"https:\/\/kamae-conseil.com\/fr\/2013\/08\/06\/jean-yves-darfeuille-un-nouvel-atypique-chez-kamae-conseil\/#breadcrumb"},"inLanguage":"fr-FR","potentialAction":[{"@type":"ReadAction","target":["https:\/\/kamae-conseil.com\/fr\/2013\/08\/06\/jean-yves-darfeuille-un-nouvel-atypique-chez-kamae-conseil\/"]}]},{"@type":"ImageObject","inLanguage":"fr-FR","@id":"https:\/\/kamae-conseil.com\/fr\/2013\/08\/06\/jean-yves-darfeuille-un-nouvel-atypique-chez-kamae-conseil\/#primaryimage","url":"https:\/\/kamae-conseil.com\/fr\/wp-content\/uploads\/sites\/3\/2015\/01\/jyd-2.png","contentUrl":"https:\/\/kamae-conseil.com\/fr\/wp-content\/uploads\/sites\/3\/2015\/01\/jyd-2.png","width":185,"height":224},{"@type":"BreadcrumbList","@id":"https:\/\/kamae-conseil.com\/fr\/2013\/08\/06\/jean-yves-darfeuille-un-nouvel-atypique-chez-kamae-conseil\/#breadcrumb","itemListElement":[{"@type":"ListItem","position":1,"name":"Home","item":"https:\/\/kamae-conseil.com\/fr\/"},{"@type":"ListItem","position":2,"name":"Jean-Yves Darfeuille, un nouvel \u00ab\u00a0atypique\u00a0\u00bb chez Kamae Conseil"}]},{"@type":"WebSite","@id":"https:\/\/kamae-conseil.com\/fr\/#website","url":"https:\/\/kamae-conseil.com\/fr\/","name":"Kamae Conseil","description":"","potentialAction":[{"@type":"SearchAction","target":{"@type":"EntryPoint","urlTemplate":"https:\/\/kamae-conseil.com\/fr\/?s={search_term_string}"},"query-input":{"@type":"PropertyValueSpecification","valueRequired":true,"valueName":"search_term_string"}}],"inLanguage":"fr-FR"},{"@type":"Person","@id":"https:\/\/kamae-conseil.com\/fr\/#\/schema\/person\/8074c2966d377fa84af330e5acd1e017","name":"KAMAECONSEIL","image":{"@type":"ImageObject","inLanguage":"fr-FR","@id":"https:\/\/kamae-conseil.com\/fr\/#\/schema\/person\/image\/","url":"https:\/\/secure.gravatar.com\/avatar\/4fa30427e5cea9f9c2e446e1ba70265b427e66dd89626b280d2d9cb338311f0f?s=96&d=mm&r=g","contentUrl":"https:\/\/secure.gravatar.com\/avatar\/4fa30427e5cea9f9c2e446e1ba70265b427e66dd89626b280d2d9cb338311f0f?s=96&d=mm&r=g","caption":"KAMAECONSEIL"}}]}},"_links":{"self":[{"href":"https:\/\/kamae-conseil.com\/fr\/wp-json\/wp\/v2\/posts\/21043","targetHints":{"allow":["GET"]}}],"collection":[{"href":"https:\/\/kamae-conseil.com\/fr\/wp-json\/wp\/v2\/posts"}],"about":[{"href":"https:\/\/kamae-conseil.com\/fr\/wp-json\/wp\/v2\/types\/post"}],"author":[{"embeddable":true,"href":"https:\/\/kamae-conseil.com\/fr\/wp-json\/wp\/v2\/users\/1"}],"replies":[{"embeddable":true,"href":"https:\/\/kamae-conseil.com\/fr\/wp-json\/wp\/v2\/comments?post=21043"}],"version-history":[{"count":3,"href":"https:\/\/kamae-conseil.com\/fr\/wp-json\/wp\/v2\/posts\/21043\/revisions"}],"predecessor-version":[{"id":21605,"href":"https:\/\/kamae-conseil.com\/fr\/wp-json\/wp\/v2\/posts\/21043\/revisions\/21605"}],"wp:featuredmedia":[{"embeddable":true,"href":"https:\/\/kamae-conseil.com\/fr\/wp-json\/wp\/v2\/media\/21045"}],"wp:attachment":[{"href":"https:\/\/kamae-conseil.com\/fr\/wp-json\/wp\/v2\/media?parent=21043"}],"wp:term":[{"taxonomy":"category","embeddable":true,"href":"https:\/\/kamae-conseil.com\/fr\/wp-json\/wp\/v2\/categories?post=21043"},{"taxonomy":"post_tag","embeddable":true,"href":"https:\/\/kamae-conseil.com\/fr\/wp-json\/wp\/v2\/tags?post=21043"}],"curies":[{"name":"wp","href":"https:\/\/api.w.org\/{rel}","templated":true}]}}